{"id":2408,"date":"2021-08-16T09:42:03","date_gmt":"2021-08-16T07:42:03","guid":{"rendered":"http:\/\/radsport-nettetal.de\/v2\/?p=2408"},"modified":"2021-08-16T09:42:03","modified_gmt":"2021-08-16T07:42:03","slug":"erster-saisonsieg-fuer-levi-douteil-in-refrath","status":"publish","type":"post","link":"http:\/\/radsport-nettetal.de\/v2\/index.php\/2021\/08\/16\/erster-saisonsieg-fuer-levi-douteil-in-refrath\/","title":{"rendered":"Erster Saisonsieg f\u00fcr Levi Douteil in Refrath"},"content":{"rendered":"\n<p>Levi Douteil aus der Radsportabteilung von Union Nettetal gewann das U13 Radrennen in Refrath. Dabei erntete er die Fr\u00fcchte aus den harten Trainingsrennen mit seinen \u00e4lteren Vereinsmitgliedern. Schon nach der ersten von 12 Runden setzte er sich in einer sechsk\u00f6pfigen Spitzengruppe ab. Bei den Zwischensprints hielt er sich aus taktischen Gr\u00fcnden zur\u00fcck. Als Vorbild f\u00fcr seine Taktik nannte Levi nach dem Rennen den Olympiasieger Richard Carapaz, der sich lange zur\u00fcckhielt und kurz vor Schluss die entscheidende Attacke fuhr. So nutzte Levi den Schwung nach einem kleinen St\u00fcck bergab zu einem kraftvollen Antritt und lie\u00df alle anderen Fahrer hinter sich. Im Ziel hatte er \u00fcber zwanzig Meter Vorsprung, sodass er ungef\u00e4hrdet jubeln konnte.<\/p>\n\n\n\n<figure class=\"wp-block-image size-large is-resized\"><a href=\"http:\/\/radsport-nettetal.de\/v2\/wp-content\/uploads\/2021\/08\/fedc71b7-dac9-4aee-b612-79888da88e0d.jpg\"><img loading=\"lazy\" decoding=\"async\" src=\"http:\/\/radsport-nettetal.de\/v2\/wp-content\/uploads\/2021\/08\/fedc71b7-dac9-4aee-b612-79888da88e0d-1024x682.jpg\" alt=\"\" class=\"wp-image-2409\" width=\"551\" height=\"367\" srcset=\"http:\/\/radsport-nettetal.de\/v2\/wp-content\/uploads\/2021\/08\/fedc71b7-dac9-4aee-b612-79888da88e0d-1024x682.jpg 1024w, http:\/\/radsport-nettetal.de\/v2\/wp-content\/uploads\/2021\/08\/fedc71b7-dac9-4aee-b612-79888da88e0d-300x200.jpg 300w, http:\/\/radsport-nettetal.de\/v2\/wp-content\/uploads\/2021\/08\/fedc71b7-dac9-4aee-b612-79888da88e0d-768x512.jpg 768w, http:\/\/radsport-nettetal.de\/v2\/wp-content\/uploads\/2021\/08\/fedc71b7-dac9-4aee-b612-79888da88e0d.jpg 1280w\" sizes=\"auto, (max-width: 551px) 100vw, 551px\" \/><\/a><\/figure>\n\n\n\n<!--more-->\n\n\n\n<figure class=\"wp-block-image size-large is-resized\"><a href=\"http:\/\/radsport-nettetal.de\/v2\/wp-content\/uploads\/2021\/08\/54f89f33-e510-4682-aace-61cc3537a1a1.jpg\"><img loading=\"lazy\" decoding=\"async\" src=\"http:\/\/radsport-nettetal.de\/v2\/wp-content\/uploads\/2021\/08\/54f89f33-e510-4682-aace-61cc3537a1a1-768x1024.jpg\" alt=\"\" class=\"wp-image-2410\" width=\"560\" height=\"747\" srcset=\"http:\/\/radsport-nettetal.de\/v2\/wp-content\/uploads\/2021\/08\/54f89f33-e510-4682-aace-61cc3537a1a1-768x1024.jpg 768w, http:\/\/radsport-nettetal.de\/v2\/wp-content\/uploads\/2021\/08\/54f89f33-e510-4682-aace-61cc3537a1a1-225x300.jpg 225w, http:\/\/radsport-nettetal.de\/v2\/wp-content\/uploads\/2021\/08\/54f89f33-e510-4682-aace-61cc3537a1a1-1152x1536.jpg 1152w, http:\/\/radsport-nettetal.de\/v2\/wp-content\/uploads\/2021\/08\/54f89f33-e510-4682-aace-61cc3537a1a1.jpg 1200w\" sizes=\"auto, (max-width: 560px) 100vw, 560px\" \/><\/a><\/figure>\n\n\n\n<figure class=\"wp-block-image size-large is-resized\"><a href=\"http:\/\/radsport-nettetal.de\/v2\/wp-content\/uploads\/2021\/08\/eec9a521-94df-45a0-8054-ec00c9ef387c.jpg\"><img loading=\"lazy\" decoding=\"async\" src=\"http:\/\/radsport-nettetal.de\/v2\/wp-content\/uploads\/2021\/08\/eec9a521-94df-45a0-8054-ec00c9ef387c-768x1024.jpg\" alt=\"\" class=\"wp-image-2411\" width=\"559\" height=\"745\" srcset=\"http:\/\/radsport-nettetal.de\/v2\/wp-content\/uploads\/2021\/08\/eec9a521-94df-45a0-8054-ec00c9ef387c-768x1024.jpg 768w, http:\/\/radsport-nettetal.de\/v2\/wp-content\/uploads\/2021\/08\/eec9a521-94df-45a0-8054-ec00c9ef387c-225x300.jpg 225w, http:\/\/radsport-nettetal.de\/v2\/wp-content\/uploads\/2021\/08\/eec9a521-94df-45a0-8054-ec00c9ef387c-1152x1536.jpg 1152w, http:\/\/radsport-nettetal.de\/v2\/wp-content\/uploads\/2021\/08\/eec9a521-94df-45a0-8054-ec00c9ef387c.jpg 1200w\" sizes=\"auto, (max-width: 559px) 100vw, 559px\" \/><\/a><\/figure>\n","protected":false},"excerpt":{"rendered":"<p>Levi Douteil aus der Radsportabteilung von Union Nettetal gewann das U13 Radrennen in Refrath. Dabei erntete er die Fr\u00fcchte aus den harten Trainingsrennen mit seinen \u00e4lteren Vereinsmitgliedern. Schon nach der ersten von 12 Runden setzte er sich in einer sechsk\u00f6pfigen &hellip; <a href=\"http:\/\/radsport-nettetal.de\/v2\/index.php\/2021\/08\/16\/erster-saisonsieg-fuer-levi-douteil-in-refrath\/\">Weiterlesen <span class=\"meta-nav\">&rarr;<\/span><\/a><\/p>\n","protected":false},"author":1,"featured_media":0,"comment_status":"closed","ping_status":"closed","sticky":false,"template":"","format":"standard","meta":{"ngg_post_thumbnail":0,"footnotes":""},"categories":[1],"tags":[],"class_list":["post-2408","post","type-post","status-publish","format-standard","hentry","category-allgemein"],"_links":{"self":[{"href":"http:\/\/radsport-nettetal.de\/v2\/index.php\/wp-json\/wp\/v2\/posts\/2408","targetHints":{"allow":["GET"]}}],"collection":[{"href":"http:\/\/radsport-nettetal.de\/v2\/index.php\/wp-json\/wp\/v2\/posts"}],"about":[{"href":"http:\/\/radsport-nettetal.de\/v2\/index.php\/wp-json\/wp\/v2\/types\/post"}],"author":[{"embeddable":true,"href":"http:\/\/radsport-nettetal.de\/v2\/index.php\/wp-json\/wp\/v2\/users\/1"}],"replies":[{"embeddable":true,"href":"http:\/\/radsport-nettetal.de\/v2\/index.php\/wp-json\/wp\/v2\/comments?post=2408"}],"version-history":[{"count":1,"href":"http:\/\/radsport-nettetal.de\/v2\/index.php\/wp-json\/wp\/v2\/posts\/2408\/revisions"}],"predecessor-version":[{"id":2412,"href":"http:\/\/radsport-nettetal.de\/v2\/index.php\/wp-json\/wp\/v2\/posts\/2408\/revisions\/2412"}],"wp:attachment":[{"href":"http:\/\/radsport-nettetal.de\/v2\/index.php\/wp-json\/wp\/v2\/media?parent=2408"}],"wp:term":[{"taxonomy":"category","embeddable":true,"href":"http:\/\/radsport-nettetal.de\/v2\/index.php\/wp-json\/wp\/v2\/categories?post=2408"},{"taxonomy":"post_tag","embeddable":true,"href":"http:\/\/radsport-nettetal.de\/v2\/index.php\/wp-json\/wp\/v2\/tags?post=2408"}],"curies":[{"name":"wp","href":"https:\/\/api.w.org\/{rel}","templated":true}]}}