{"id":2573,"date":"2023-08-14T15:14:54","date_gmt":"2023-08-14T13:14:54","guid":{"rendered":"http:\/\/radsport-nettetal.de\/v2\/?p=2573"},"modified":"2023-08-14T15:14:54","modified_gmt":"2023-08-14T13:14:54","slug":"laufradrennen","status":"publish","type":"post","link":"http:\/\/radsport-nettetal.de\/v2\/index.php\/2023\/08\/14\/laufradrennen\/","title":{"rendered":"Laufradrennen"},"content":{"rendered":"\n<p>In den letzten Jahren haben viele Eltern immer wieder nachgefragt, ob wir<br>nicht ein Rennen f\u00fcr die Kindergarten Kinder machen k\u00f6nnen. Beim<br>Laufradrennen sind die Kleinsten gefragt: Getreu dem Motto \u201eFr\u00fch \u00fcbt sich\u201c<br>k\u00f6nnen alle Kinder zwischen zwei und f\u00fcnf Jahren auf der Zielgeraden des<br>Profi-Rennens ihr K\u00f6nnen unter Beweis stellen. Die Rennstrecke ist 100 Meter<br>lang und f\u00fchrt durch das Ziel, durch das sp\u00e4ter auch die Amateure einfahren<br>werden. Im Ziel erwartet jedes Kind eine kleine \u00dcberraschung, denn klar ist: Bei<br>diesem Rennen ist jeder ein Sieger! Anmeldung bis 30 Minuten vor dem Start<br>an der Nummernausgabe.<\/p>\n\n\n\n<p><br>Teilnahmevoraussetzungen<br>Helm, Laufrad und vollst\u00e4ndig ausgef\u00fcllte und unterzeichnete<br>Einverst\u00e4ndniserkl\u00e4rung eines Erziehungsberechtigen (die<br>Einverst\u00e4ndniserkl\u00e4rung wird bei der Anmeldung per Mail zugesendet oder<br>kann vor Ort unterschreiben werden).<\/p>\n\n\n\n<figure class=\"wp-block-image size-full\"><a href=\"http:\/\/radsport-nettetal.de\/v2\/wp-content\/uploads\/2023\/08\/laufradrennen.jpg\"><img loading=\"lazy\" decoding=\"async\" width=\"462\" height=\"722\" src=\"http:\/\/radsport-nettetal.de\/v2\/wp-content\/uploads\/2023\/08\/laufradrennen.jpg\" alt=\"\" class=\"wp-image-2574\" srcset=\"http:\/\/radsport-nettetal.de\/v2\/wp-content\/uploads\/2023\/08\/laufradrennen.jpg 462w, http:\/\/radsport-nettetal.de\/v2\/wp-content\/uploads\/2023\/08\/laufradrennen-192x300.jpg 192w\" sizes=\"auto, (max-width: 462px) 100vw, 462px\" \/><\/a><\/figure>\n","protected":false},"excerpt":{"rendered":"<p>In den letzten Jahren haben viele Eltern immer wieder nachgefragt, ob wirnicht ein Rennen f\u00fcr die Kindergarten Kinder machen k\u00f6nnen. BeimLaufradrennen sind die Kleinsten gefragt: Getreu dem Motto \u201eFr\u00fch \u00fcbt sich\u201ck\u00f6nnen alle Kinder zwischen zwei und f\u00fcnf Jahren auf der &hellip; <a href=\"http:\/\/radsport-nettetal.de\/v2\/index.php\/2023\/08\/14\/laufradrennen\/\">Weiterlesen <span class=\"meta-nav\">&rarr;<\/span><\/a><\/p>\n","protected":false},"author":1,"featured_media":0,"comment_status":"closed","ping_status":"closed","sticky":false,"template":"","format":"standard","meta":{"ngg_post_thumbnail":0,"footnotes":""},"categories":[1],"tags":[],"class_list":["post-2573","post","type-post","status-publish","format-standard","hentry","category-allgemein"],"_links":{"self":[{"href":"http:\/\/radsport-nettetal.de\/v2\/index.php\/wp-json\/wp\/v2\/posts\/2573","targetHints":{"allow":["GET"]}}],"collection":[{"href":"http:\/\/radsport-nettetal.de\/v2\/index.php\/wp-json\/wp\/v2\/posts"}],"about":[{"href":"http:\/\/radsport-nettetal.de\/v2\/index.php\/wp-json\/wp\/v2\/types\/post"}],"author":[{"embeddable":true,"href":"http:\/\/radsport-nettetal.de\/v2\/index.php\/wp-json\/wp\/v2\/users\/1"}],"replies":[{"embeddable":true,"href":"http:\/\/radsport-nettetal.de\/v2\/index.php\/wp-json\/wp\/v2\/comments?post=2573"}],"version-history":[{"count":1,"href":"http:\/\/radsport-nettetal.de\/v2\/index.php\/wp-json\/wp\/v2\/posts\/2573\/revisions"}],"predecessor-version":[{"id":2575,"href":"http:\/\/radsport-nettetal.de\/v2\/index.php\/wp-json\/wp\/v2\/posts\/2573\/revisions\/2575"}],"wp:attachment":[{"href":"http:\/\/radsport-nettetal.de\/v2\/index.php\/wp-json\/wp\/v2\/media?parent=2573"}],"wp:term":[{"taxonomy":"category","embeddable":true,"href":"http:\/\/radsport-nettetal.de\/v2\/index.php\/wp-json\/wp\/v2\/categories?post=2573"},{"taxonomy":"post_tag","embeddable":true,"href":"http:\/\/radsport-nettetal.de\/v2\/index.php\/wp-json\/wp\/v2\/tags?post=2573"}],"curies":[{"name":"wp","href":"https:\/\/api.w.org\/{rel}","templated":true}]}}